{"id":5981,"date":"2022-10-06T10:37:00","date_gmt":"2022-10-06T14:37:00","guid":{"rendered":"https:\/\/www.inovia.vc\/fr\/conversations-inovia\/inovia-q3-internal-rounds-new-team-members-doubling-down-on-waterloo-and-back-to-in-person-meetups\/"},"modified":"2022-11-14T16:09:31","modified_gmt":"2022-11-14T21:09:31","slug":"rondes-de-financement-internes-nouveaux-collegues-presence-accrue-a-waterloo-et-retour-aux-evenements-en-personne","status":"publish","type":"post","link":"https:\/\/www.inovia.vc\/fr\/conversations-inovia\/rondes-de-financement-internes-nouveaux-collegues-presence-accrue-a-waterloo-et-retour-aux-evenements-en-personne\/","title":{"rendered":"Rondes de financement internes, nouveaux coll\u00e8gues, pr\u00e9sence accrue \u00e0 Waterloo, et retour aux \u00e9v\u00e9nements en personne !"},"content":{"rendered":"\n<p id=\"d572\">Chers amis,<br><br>Nous esp\u00e9rons que vous avez pass\u00e9 un bel \u00e9t\u00e9 et que vous avez profit\u00e9 d\u2019un repos bien m\u00e9rit\u00e9 en pr\u00e9vision d\u2019un automne charg\u00e9 ! De notre c\u00f4t\u00e9, l\u2019\u00e9quipe s\u2019est occup\u00e9e \u00e0 r\u00e9viser les plans des deux prochaines ann\u00e9es des principales entreprises de notre portefeuille. Nous nous sommes \u00e9galement concentr\u00e9s sur la cl\u00f4ture de quatre rondes internes de financement pour renforcer les bilans de quelques-unes de ces entreprises.<br><br>De plus, notre \u00e9quipe s\u2019est activement impliqu\u00e9e dans plusieurs \u00e9v\u00e9nements de l\u2019\u00e9cosyst\u00e8me \u00e0 travers le Canada. De l\u2019<a href=\"https:\/\/atlanticventureforum.ca\/\" rel=\"noreferrer noopener\" target=\"_blank\">Atlantic Venture Forum<\/a>&nbsp;\u00e0 Halifax au&nbsp;<a href=\"https:\/\/manekmentorship.com\/raj-manek-memorial-banquet\/\" rel=\"noreferrer noopener\" target=\"_blank\">Banquet Raj Manek<\/a>&nbsp;\u00e0 Saskatoon, en passant par&nbsp;<a href=\"https:\/\/hackthenorth.com\/\" rel=\"noreferrer noopener\" target=\"_blank\">Hack-the-North<\/a>,&nbsp;<a href=\"https:\/\/startupfestival.com\/\" rel=\"noreferrer noopener\" target=\"_blank\">StartupFest<\/a>, et une croisi\u00e8re sur le Saint-Laurent aux c\u00f4t\u00e9s de&nbsp;<a href=\"https:\/\/www.rbcx.com\/\" rel=\"noreferrer noopener\" target=\"_blank\">RBCx<\/a>&nbsp;et&nbsp;<a href=\"https:\/\/www.fasken.com\/en\" rel=\"noreferrer noopener\" target=\"_blank\">Fasken<\/a>, ce fut incroyable de pouvoir \u00e0 nouveau rencontrer en personne des entrepreneurs d\u2019un bout \u00e0 l\u2019autre du pays.<br><br>Puis, nous avons \u00e9t\u00e9 tr\u00e8s heureux de recevoir la dynamique communaut\u00e9 technologique de Kitchener-Waterloo pour c\u00e9l\u00e9brer l\u2019ouverture de notre bureau dans cette r\u00e9gion.<br><br>Au cours de l\u2019\u00e9t\u00e9, nous avons accueilli cinq nouveaux membres dans notre \u00e9quipe de b\u00e2tisseurs d\u2019entreprises :&nbsp;<a href=\"https:\/\/www.linkedin.com\/in\/premkalevar\/\" rel=\"noreferrer noopener\" target=\"_blank\">Prem Kalevar<\/a>, vice-pr\u00e9sident, programme de d\u00e9couvertes;&nbsp;<a href=\"https:\/\/www.linkedin.com\/in\/katewhelan100\/\" rel=\"noreferrer noopener\" target=\"_blank\">Kate Whelan<\/a>, directrice talents;&nbsp;<a href=\"https:\/\/www.linkedin.com\/in\/etienne-gauthier\/\" rel=\"noreferrer noopener\" target=\"_blank\">Etienne Gauthier<\/a>, charg\u00e9 d\u2019investissement;&nbsp;<a href=\"https:\/\/www.linkedin.com\/in\/gostevcic\/\" rel=\"noreferrer noopener\" target=\"_blank\">Anna Gostevcic<\/a>, analyste et&nbsp;<a href=\"https:\/\/www.linkedin.com\/in\/chantel-paul-155ba2a0\/\" rel=\"noreferrer noopener\" target=\"_blank\">Chantel Paul<\/a>, adjointe de direction.<br><br>Et pour couronner le tout, nous sommes tr\u00e8s fiers de Chris Arsenault, qui a remport\u00e9 le prix du joueur de l\u2019ann\u00e9e lors du&nbsp;<a href=\"https:\/\/reseaucapital.com\/nouvelles\/une-soiree-sous-le-signe-des-retrouvailles-retour-sur-le-cocktail-reconnaissance\/\/\" rel=\"noreferrer noopener\" target=\"_blank\">cocktail reconnaissance de R\u00e9seau Capital<\/a>.<br><br>Nous rappelons aux individus \u00e0 la recherche de leur prochain r\u00f4le dans le domaine de la technologie que nous avons regroup\u00e9 sur un&nbsp;<a href=\"https:\/\/careers.inovia.vc\/jobs\" rel=\"noreferrer noopener\" target=\"_blank\">seul site d\u2019offres d\u2019emploi<\/a>&nbsp;les nombreux postes \u00e0 pourvoir dans les entreprises de notre portefeuille. Nous vous invitons \u00e0 y acc\u00e9der \u00e0 partir de notre site Web et \u00e0 jeter un coup d\u2019\u0153il aux excellents emplois en personne ou \u00e0 distance \u00e0 combler au Canada et dans le monde entier.<br><br>Nous vous souhaitons une fin d\u2019ann\u00e9e tr\u00e8s productive !<br><br><strong>&#8211; L\u2019\u00e9quipe Inovia<\/strong><\/p>\n\n\n\n<h2 class=\"wp-block-heading\" id=\"7f7f\">Les Entreprises de Notre Portefeuille dans L\u2019actualit\u00e9<\/h2>\n\n\n\n<p id=\"9e37\"><em>(Articles majoritairement en anglais.)<\/em><\/p>\n\n\n\n<p><strong>Fusions, acquisitions et partenariats<\/strong><\/p>\n\n\n\n<ul class=\"wp-block-list\"><li>Sonder disponible via Sabre et Amadeus pour p\u00e9n\u00e9trer le segment affaires |&nbsp;<a href=\"https:\/\/skift.com\/blog\/sonder-gets-a-chain-code-in-sabre-and-amadeus-to-push-move-into-corporate-travel\/\" rel=\"noreferrer noopener\" target=\"_blank\">Skift<\/a><\/li><li>Hopper annonce un nouvel accord pour distribuer les vols de JetBlue \u00e0 travers son \u00e9cosyst\u00e8me |&nbsp;<a href=\"https:\/\/media.hopper.com\/news\/hopper-announces-new-deal-to-distribute-jetblue-flights-across-the-hopper\" rel=\"noreferrer noopener\" target=\"_blank\">Hopper<\/a><\/li><\/ul>\n\n\n\n<p><strong>Recrutement, mouvement de talents et nominations au CA<\/strong><\/p>\n\n\n\n<ul class=\"wp-block-list\"><li>Sonder Holdings Inc. nomme un directeur de l\u2019exploitation et un directeur de la comptabilit\u00e9 I&nbsp;<a href=\"https:\/\/ca.finance.yahoo.com\/news\/sonder-holdings-inc-appoints-chief-201500416.html\" rel=\"noreferrer noopener\" target=\"_blank\">Yahoo<\/a><\/li><li>AlayaCare annonce un nouveau chef produit et technologie |&nbsp;<a href=\"https:\/\/www.newswire.ca\/news-releases\/alayacare-announces-new-chief-product-and-technology-officer-804918426.html\" rel=\"noreferrer noopener\" target=\"_blank\">Communiqu\u00e9 de presse<\/a><\/li><li>Bench nomme Jean-Philippe Durrios au poste de PDG |&nbsp;<a href=\"https:\/\/www.newswire.ca\/news-releases\/bench-appoints-jean-philippe-durrios-as-ceo-800362485.html\" rel=\"noreferrer noopener\" target=\"_blank\">Communiqu\u00e9 de presse<\/a><\/li><li>Shyft, entreprise innovante dans le secteur du d\u00e9m\u00e9nagement, nomme Randal Meske au poste de PDG et conclut une ronde de financement de s\u00e9rie B |&nbsp;<a href=\"https:\/\/www.prnewswire.com\/news-releases\/moving-industry-innovator-shyft-appoints-randal-meske-ceo-closes-series-b-funding-301624666.html\" rel=\"noreferrer noopener\" target=\"_blank\">Communiqu\u00e9 de presse<\/a><\/li><li>Armored Things nomme Richard Scannell comme nouveau PDG et membre du conseil d\u2019administration |&nbsp;<a href=\"https:\/\/www.globenewswire.com\/news-release\/2022\/07\/14\/2479656\/0\/en\/Armored-Things-Appoints-Richard-Scannell-as-New-CEO-Board-Member.html\" rel=\"noreferrer noopener\" target=\"_blank\">Communiqu\u00e9 de presse<\/a><\/li><li>Tiffany Kaminsky devient chef de l\u2019impact de Symend I&nbsp;<a href=\"https:\/\/www.newswire.ca\/news-releases\/symend-s-tiffany-kaminsky-trailblazes-new-chief-impact-officer-role-842446328.html\" rel=\"noreferrer noopener\" target=\"_blank\">Communiqu\u00e9 de presse<\/a><\/li><\/ul>\n\n\n\n<p><strong>Autres nouvelles excitantes<\/strong><\/p>\n\n\n\n<ul class=\"wp-block-list\"><li>Talent.com : relever le d\u00e9fi de la culture dans une entreprise \u00e0 croissance rapide I&nbsp;<a href=\"https:\/\/www.forbes.com\/sites\/forbesbusinesscouncil\/2022\/08\/18\/addressing-the-culture-challenge-in-a-fast-growth-company\/?sh=7142ef0226f0\" rel=\"noreferrer noopener\" target=\"_blank\">Forbes<\/a><\/li><li>Zwift lance le Zwift Hub Direct Drive Trainer \u00e0 499 $ |&nbsp;<a href=\"https:\/\/cyclingtips.com\/2022\/09\/zwift-launches-499-zwift-hub-direct-drive-trainer\/\" rel=\"noreferrer noopener\" target=\"_blank\">Cycling Tips<\/a><\/li><li>R\u00e9pondre aux attentes des clients avec la livraison le m\u00eame jour gr\u00e2ce \u00e0 Swyft |&nbsp;<a href=\"https:\/\/goshippo.com\/blog\/meeting-customer-expectations-with-same-day-delivery-through-swyft\/?utm_source=linkedin.com&amp;utm_medium=social&amp;utm_campaign=blog-share\" rel=\"noreferrer noopener\" target=\"_blank\">Shippo<\/a><\/li><li>AlayaCare, Rewind, Talent.com, Lightspeed et Top Hat figurent parmi les entreprises les plus florissantes du Canada |&nbsp;<a href=\"https:\/\/www.theglobeandmail.com\/business\/rob-magazine\/top-growing-companies\/article-canadas-top-growing-companies-meet-430-businesses-that-will-give-you\/\" rel=\"noreferrer noopener\" target=\"_blank\">Globe &amp; Mail<\/a><\/li><li>RenoRun, Vidyard et Clearco sont toutes nomm\u00e9es dans l\u2019\u00e9quipe True North : Les entreprises technologiques les plus performantes du Canada I&nbsp;<a href=\"https:\/\/communitech.ca\/media-release\/team-true-north-canadas-top-performing-tech-companies.html\" rel=\"noreferrer noopener\" target=\"_blank\">Communitech<\/a><\/li><li>Bonjour, Street Context. Au revoir, Street Contxt |&nbsp;<a href=\"https:\/\/streetcontext.com\/blog\/rebrand\/\" rel=\"noreferrer noopener\" target=\"_blank\">Street Contxt<\/a><\/li><li>Neo, BenchSci, Certn et Snapcommerce font toutes partie du Top 15 des startups au Canada de LinkedIn I&nbsp;<a href=\"https:\/\/www.linkedin.com\/pulse\/linkedin-top-startups-2022-15-canadian-companies-rise-linkedin-news\/?trackingId=hY3KCY4YQJelvS7Bg0xE2Q%3D%3D\" rel=\"noreferrer noopener\" target=\"_blank\">LinkedIn<\/a><\/li><\/ul>\n\n\n\n<h2 class=\"wp-block-heading\" id=\"d1e6\">R\u00e9flexions d\u2019Inovia<\/h2>\n\n\n\n<ul class=\"wp-block-list\"><li><strong>Combiner l\u2019investissement et l\u2019esprit d\u2019entreprise pour un monde \u00e9quitable<\/strong>&nbsp;<em>par Simon Constantineau |&nbsp;<\/em><a href=\"https:\/\/www.nasdaq.com\/articles\/simon-constantineau%3A-combining-investment-and-entrepreneurship-for-an-equitable-world\" rel=\"noreferrer noopener\" target=\"_blank\">Lire la suite sur Nasdaq.com<\/a><\/li><li><strong>On se rappelle toujours notre premi\u00e8re fois\u2026 Une r\u00e9cession, mauvaise ou bonne nouvelle?<\/strong>&nbsp;<em>par Patrick Pichette |&nbsp;<\/em><a rel=\"noreferrer noopener\" target=\"_blank\" href=\"https:\/\/blog-fr.inovia.vc\/on-se-rappelle-toujours-notre-premi%C3%A8re-fois-70aa285b778b\">Lire la suite sur notre blog<\/a><a href=\"https:\/\/blog.inovia.vc\/the-times-they-are-a-changin-6e8203054d6b\" rel=\"noreferrer noopener\" target=\"_blank\">ue<\/a><\/li><li><strong>D\u2019entrepreneur \u00e0 entrepreneur \u2014 Annie Cyr, Cofondatrice et cheffe de la direction de Tengiva : Moderniser un secteur d\u00e9suet |&nbsp;<\/strong><a rel=\"noreferrer noopener\" target=\"_blank\" href=\"https:\/\/blog-fr.inovia.vc\/dentrepreneur-%C3%A0-entrepreneur-annie-cyr-cofondatrice-et-cheffe-de-la-direction-de-tengiva-fdf6ad2ee715\">Lire la suite sur notre blog<\/a><a href=\"https:\/\/blog.inovia.vc\/founder-to-founder-annie-cyr-ceo-and-co-founder-of-tengiva-on-building-something-new-in-an-b9f7eb3e50d1\" rel=\"noreferrer noopener\" target=\"_blank\">ue<\/a><\/li><\/ul>\n\n\n\n<h2 class=\"wp-block-heading\" id=\"3f55\">Faits Saillants de L\u2019industrie<\/h2>\n\n\n\n<ul class=\"wp-block-list\"><li>Apr\u00e8s un premier trimestre record, le financement du capital-risque au Qu\u00e9bec a ralenti au deuxi\u00e8me trimestre 2022 |&nbsp;<a href=\"https:\/\/betakit.com\/following-a-record-setting-first-quarter-quebec-venture-funding-eased-up-in-q2-2022\/\" rel=\"noreferrer noopener\" target=\"_blank\">Betakit<\/a><\/li><li>Panache l\u00e8ve 100 millions de dollars pour son deuxi\u00e8me fonds et se concentre sur les start-ups en phase d\u2019amor\u00e7age |&nbsp;<a href=\"https:\/\/betakit.com\/panache-closes-100-million-for-second-fund-as-firm-doubles-down-on-seed-stage-startups\/\" rel=\"noreferrer noopener\" target=\"_blank\">Betakit<\/a><\/li><li>Relever le d\u00e9fi de la culture dans une entreprise \u00e0 croissance rapide par Maxime Droux, cofondateur de Talent.com |&nbsp;<a href=\"https:\/\/www.forbes.com\/sites\/forbesbusinesscouncil\/2022\/08\/18\/addressing-the-culture-challenge-in-a-fast-growth-company\/?sh=123789d4226f\" rel=\"noreferrer noopener\" target=\"_blank\">Forbes<\/a><\/li><\/ul>\n","protected":false},"excerpt":{"rendered":"<p>Chers amis, Nous esp\u00e9rons que vous avez pass\u00e9 un bel \u00e9t\u00e9 et que vous avez profit\u00e9 d\u2019un repos bien m\u00e9rit\u00e9 en pr\u00e9vision d\u2019un automne charg\u00e9 ! De notre c\u00f4t\u00e9, l\u2019\u00e9quipe s\u2019est occup\u00e9e \u00e0 r\u00e9viser les plans des deux prochaines ann\u00e9es des principales entreprises de notre portefeuille. Nous nous sommes \u00e9galement concentr\u00e9s sur la cl\u00f4ture de&hellip;<\/p>\n","protected":false},"author":2,"featured_media":5481,"comment_status":"closed","ping_status":"open","sticky":false,"template":"","format":"standard","meta":{"_acf_changed":false,"_relevanssi_hide_post":"","_relevanssi_hide_content":"","_relevanssi_pin_for_all":"","_relevanssi_pin_keywords":"","_relevanssi_unpin_keywords":"","_relevanssi_related_keywords":"","_relevanssi_related_include_ids":"","_relevanssi_related_exclude_ids":"","_relevanssi_related_no_append":"","_relevanssi_related_not_related":"","_relevanssi_related_posts":"2254,2283,1946,2208,1984,2287","_relevanssi_noindex_reason":"","inline_featured_image":false,"footnotes":""},"categories":[239,237],"tags":[],"toolkit-category":[],"toolkit-topic":[],"class_list":["post-5981","post","type-post","status-publish","format-standard","has-post-thumbnail","hentry","category-infolettre","category-investissement"],"acf":[],"_links":{"self":[{"href":"https:\/\/www.inovia.vc\/fr\/wp-json\/wp\/v2\/posts\/5981","targetHints":{"allow":["GET"]}}],"collection":[{"href":"https:\/\/www.inovia.vc\/fr\/wp-json\/wp\/v2\/posts"}],"about":[{"href":"https:\/\/www.inovia.vc\/fr\/wp-json\/wp\/v2\/types\/post"}],"author":[{"embeddable":true,"href":"https:\/\/www.inovia.vc\/fr\/wp-json\/wp\/v2\/users\/2"}],"replies":[{"embeddable":true,"href":"https:\/\/www.inovia.vc\/fr\/wp-json\/wp\/v2\/comments?post=5981"}],"version-history":[{"count":1,"href":"https:\/\/www.inovia.vc\/fr\/wp-json\/wp\/v2\/posts\/5981\/revisions"}],"predecessor-version":[{"id":5983,"href":"https:\/\/www.inovia.vc\/fr\/wp-json\/wp\/v2\/posts\/5981\/revisions\/5983"}],"wp:featuredmedia":[{"embeddable":true,"href":"https:\/\/www.inovia.vc\/fr\/wp-json\/wp\/v2\/media\/5481"}],"wp:attachment":[{"href":"https:\/\/www.inovia.vc\/fr\/wp-json\/wp\/v2\/media?parent=5981"}],"wp:term":[{"taxonomy":"category","embeddable":true,"href":"https:\/\/www.inovia.vc\/fr\/wp-json\/wp\/v2\/categories?post=5981"},{"taxonomy":"post_tag","embeddable":true,"href":"https:\/\/www.inovia.vc\/fr\/wp-json\/wp\/v2\/tags?post=5981"},{"taxonomy":"toolkit-category","embeddable":true,"href":"https:\/\/www.inovia.vc\/fr\/wp-json\/wp\/v2\/toolkit-category?post=5981"},{"taxonomy":"toolkit-topic","embeddable":true,"href":"https:\/\/www.inovia.vc\/fr\/wp-json\/wp\/v2\/toolkit-topic?post=5981"}],"curies":[{"name":"wp","href":"https:\/\/api.w.org\/{rel}","templated":true}]}}