{"id":10896,"date":"2023-12-18T17:29:25","date_gmt":"2023-12-18T22:29:25","guid":{"rendered":"https:\/\/www.inovia.vc\/?p=10896"},"modified":"2024-07-03T09:29:23","modified_gmt":"2024-07-03T13:29:23","slug":"podcast-seances-inovia-faire-fonctionner-les-doubles-sieges","status":"publish","type":"post","link":"https:\/\/www.inovia.vc\/fr\/conversations-inovia\/podcast-seances-inovia-faire-fonctionner-les-doubles-sieges\/","title":{"rendered":"Podcast S\u00e9ances Inovia : Faire fonctionner les doubles si\u00e8ges"},"content":{"rendered":"\n<hr class=\"wp-block-separator has-text-color has-primary-color has-alpha-channel-opacity has-primary-background-color has-background is-style-default\"\/>\n\n\n\n<div class=\"wp-block-columns is-layout-flex wp-container-core-columns-is-layout-1 wp-block-columns-is-layout-flex\">\n<div class=\"wp-block-column is-layout-flow wp-block-column-is-layout-flow\">\n<figure class=\"wp-block-image size-full\"><a href=\"https:\/\/podcasts.apple.com\/us\/podcast\/making-dual-hqs-work-feat-emil-eifrem-ceo-of-neo4j\/id1715695523?i=1000639057666\" target=\"_blank\" rel=\"noreferrer noopener\"><img loading=\"lazy\" decoding=\"async\" width=\"250\" height=\"100\" src=\"https:\/\/www.inovia.vc\/wp-content\/uploads\/2023\/11\/Apple-Button-Branded-FR.png\" alt=\"\" class=\"wp-image-10434\"\/><\/a><\/figure>\n<\/div>\n\n\n\n<div class=\"wp-block-column is-layout-flow wp-block-column-is-layout-flow\">\n<figure class=\"wp-block-image size-full\"><a href=\"https:\/\/inoviacapital.podbean.com\/\" target=\"_blank\" rel=\"noreferrer noopener\"><img loading=\"lazy\" decoding=\"async\" width=\"250\" height=\"100\" src=\"https:\/\/www.inovia.vc\/wp-content\/uploads\/2023\/11\/Podbean-Button-Branded-FR.png\" alt=\"\" class=\"wp-image-10436\"\/><\/a><\/figure>\n<\/div>\n\n\n\n<div class=\"wp-block-column is-layout-flow wp-block-column-is-layout-flow\">\n<figure class=\"wp-block-image size-full\"><a href=\"https:\/\/open.spotify.com\/episode\/3ciAklKY2l9lVclewlzzVa\" target=\"_blank\" rel=\"noreferrer noopener\"><img loading=\"lazy\" decoding=\"async\" width=\"250\" height=\"100\" src=\"https:\/\/www.inovia.vc\/wp-content\/uploads\/2023\/11\/Spotify-Button-Branded-FR.png\" alt=\"\" class=\"wp-image-10438\"\/><\/a><\/figure>\n<\/div>\n\n\n\n<div class=\"wp-block-column is-layout-flow wp-block-column-is-layout-flow\">\n<figure class=\"wp-block-image size-full\"><a href=\"https:\/\/music.amazon.com\/podcasts\/526bf693-7f9e-47ba-b8c4-a47285a86a3b\/episodes\/4537b9cb-0b5e-4959-aab5-028cd5a3500f\/inovia-sessions-insights-for-tech-operators-making-dual-hqs-work-feat-emil-eifrem-ceo-of-neo4j\" target=\"_blank\" rel=\"noreferrer noopener\"><img loading=\"lazy\" decoding=\"async\" width=\"250\" height=\"100\" src=\"https:\/\/www.inovia.vc\/wp-content\/uploads\/2023\/11\/Amazon-Button-Branded-1.png\" alt=\"\" class=\"wp-image-10456\"\/><\/a><\/figure>\n<\/div>\n<\/div>\n\n\n\n<hr class=\"wp-block-separator has-text-color has-primary-color has-alpha-channel-opacity has-primary-background-color has-background is-style-default\"\/>\n\n\n\n<div style=\"height:8px\" aria-hidden=\"true\" class=\"wp-block-spacer\"><\/div>\n\n\n\n<p>Le domaine de l\u2019entrepreneuriat technologique est vaste, complexe et en constante \u00e9volution. Les <strong>S\u00e9ances Inovia <\/strong>proposent une immersion dans cet univers, pr\u00e9sentant des points de vue, des discussions et des t\u00e9moignages de leaders de l\u2019industrie. Nous sommes ravis de poursuivre la mini-s\u00e9rie <strong>The Door to America<\/strong>, ax\u00e9e sur les strat\u00e9gies et d\u00e9fis li\u00e9s \u00e0 l\u2019expansion des entreprises sur le march\u00e9 nord-am\u00e9ricain.<\/p>\n\n\n\n<p>Dans l&rsquo;\u00e9pisode d&rsquo;aujourd&rsquo;hui, nous nous penchons sur les perspectives strat\u00e9giques et les exp\u00e9riences d&rsquo;<a href=\"https:\/\/www.inovia.vc\/fr\/fondateurs\/fondateurs-dentreprise\/emil-eifrem\/\" target=\"_blank\" rel=\"noreferrer noopener\">Emil Eifrem,<\/a> PDG de <a href=\"https:\/\/www.inovia.vc\/fr\/entreprises-actives\/neo4j\/\" target=\"_blank\" rel=\"noreferrer noopener\">Neo4j<\/a>, une entreprise du portefeuille d&rsquo;Inovia. De ses d\u00e9buts en Su\u00e8de jusqu&rsquo;\u00e0 son retour dans ce pays, en passant par un d\u00e9m\u00e9nagement de quelques ann\u00e9es aux \u00c9tats-Unis, Emil nous parle avec franchise de l&rsquo;\u00e9volution de Neo4j au fil des ans. <\/p>\n\n\n\n<p>Avec notre h\u00f4te, <a href=\"https:\/\/www.inovia.vc\/team\/michael-mcgraw\/\" target=\"_blank\" rel=\"noreferrer noopener\">Mike McGraw<\/a>, VP Principal d&rsquo;Inovia, cet \u00e9pisode aborde les complexit\u00e9s de l&rsquo;expansion d&rsquo;une entreprise technologique \u00e0 travers les continents. Le texte suivant met en lumi\u00e8re quelques-uns des principaux points \u00e0 retenir de cet \u00e9pisode, bonne lecture !<\/p>\n\n\n\n<hr class=\"wp-block-separator has-text-color has-primary-color has-alpha-channel-opacity has-primary-background-color has-background is-style-dots\"\/>\n\n\n\n<h2 class=\"wp-block-heading\"><strong>Rejoindre l&rsquo;\u00e9picentre de l&rsquo;industrie pour b\u00e2tir<\/strong><\/h2>\n\n\n\n<p>Tout au long de notre mini-s\u00e9rie <strong>The Door to America<\/strong>, nos invit\u00e9s ont constamment soulign\u00e9 les avantages de l&rsquo;expansion de leurs activit\u00e9s aux \u00c9tats-Unis, qu&rsquo;il s&rsquo;agisse de la cr\u00e9ation d&rsquo;<a href=\"https:\/\/www.inovia.vc\/fr\/conversations-inovia\/podcast-seances-inovia-jeter-les-bases-avec-daniel-glazer\/\" target=\"_blank\" rel=\"noreferrer noopener\">entit\u00e9s juridiques<\/a> am\u00e9ricaines ou de la <a href=\"https:\/\/www.inovia.vc\/fr\/conversations-inovia\/podcast-seances-inovia-rapprocher-les-pratiques-commerciales-europeennes-et-nord-americaines\/\" target=\"_blank\" rel=\"noreferrer noopener\">constitution d&rsquo;\u00e9quipes nord-am\u00e9ricaines solides<\/a>.<\/p>\n\n\n\n<p>La proposition de valeur de Neo4j \u00e9tait si nouvelle qu&rsquo;elle n\u00e9cessitait une r\u00e9flexion approfondie, ce qui a conduit l&rsquo;entreprise \u00e0 se d\u00e9placer strat\u00e9giquement au c\u0153ur de son industrie : la Silicon Valley. Emil compare son transfert vers le centre technologique \u00e0 \u00ab\u00a0courir avec le vent dans le dos\u00a0\u00bb, o\u00f9 les efforts sont amplifi\u00e9s par un positionnement favorable, ce qui permet d&rsquo;obtenir de meilleurs r\u00e9sultats. Ce changement de localisation a \u00e9t\u00e9 d\u00e9terminant pour la croissance et le succ\u00e8s de Neo4j sur le march\u00e9 am\u00e9ricain, lui permettant de se connecter directement \u00e0 un \u00e9cosyst\u00e8me de leaders d&rsquo;opinion et de vendre \u00e0 des utilisateurs pr\u00e9coces de la technologie. Il illustre l&rsquo;impact profond du positionnement g\u00e9ographique sur l&rsquo;\u00e9volution d&rsquo;une entreprise technologique.<\/p>\n\n\n\n<div style=\"height:10px\" aria-hidden=\"true\" class=\"wp-block-spacer\"><\/div>\n\n\n\n<p><strong>Conseil pratique : <mark style=\"background-color:rgba(0, 0, 0, 0)\" class=\"has-inline-color has-primary-color\">D\u00e9terminez le centre de gravit\u00e9 de votre secteur et envisagez une relocalisation strat\u00e9gique pour tirer parti des r\u00e9seaux et des opportunit\u00e9s locales. Ne consid\u00e9rez pas la relocalisation de votre entreprise aux \u00c9tats-Unis comme un simple d\u00e9m\u00e9nagement, mais comme une strat\u00e9gie de croissance cruciale qui permet de relever les d\u00e9fis inh\u00e9rents.<\/mark><\/strong><\/p>\n\n\n\n<div style=\"height:10px\" aria-hidden=\"true\" class=\"wp-block-spacer\"><\/div>\n\n\n\n<h2 class=\"wp-block-heading\"><strong>La relocalisation du fondateur : un catalyseur pour une p\u00e9n\u00e9tration de march\u00e9 r\u00e9ussie&nbsp;<\/strong><\/h2>\n\n\n\n<p>Un autre th\u00e8me r\u00e9current de notre mini-s\u00e9rie est celui des avantages dont b\u00e9n\u00e9ficient les fondateurs lorsqu&rsquo;ils s&rsquo;installent aux \u00c9tats-Unis pour d\u00e9velopper leur entreprise sur le march\u00e9 nord-am\u00e9ricain. Cette proximit\u00e9 n&rsquo;est pas seulement avantageuse pour le r\u00e9seautage et la collecte de fonds. Comme Konstantina Psoma l&rsquo;a expliqu\u00e9 dans l&rsquo;<a href=\"https:\/\/www.inovia.vc\/fr\/conversations-inovia\/podcast-seances-inovia-maitriser-lart-de-lexpansion-aux-etats-unis\/\" target=\"_blank\" rel=\"noreferrer noopener\">\u00e9pisode 4<\/a>, le d\u00e9placement physique d&rsquo;un fondateur vers un march\u00e9 cible am\u00e9ricain peut \u00e9galement avoir une influence profonde sur la p\u00e9n\u00e9tration du march\u00e9. Cet impact positif est particuli\u00e8rement vrai pour les entreprises qui visent des segments de march\u00e9 \u00e0 forte valeur contractuelle annuelle (VCA) comme le march\u00e9 interm\u00e9diaire ou les entreprises. Le fait que le fondateur soit pr\u00e9sent sur le terrain aux \u00c9tats-Unis devient un facteur cl\u00e9 dans la conclusion de contrats importants. C&rsquo;est \u00e0 chacun de d\u00e9cider, mais vivre sur place est souvent beaucoup plus facile \u00e0 g\u00e9rer (et plus \u00e9cologique) que de prendre l&rsquo;avion toutes les deux semaines.&nbsp;<\/p>\n\n\n\n<p><strong>Conseil pratique : <mark style=\"background-color:rgba(0, 0, 0, 0)\" class=\"has-inline-color has-primary-color\">Envisagez de vous installer dans votre march\u00e9 cible pour n\u00e9gocier des contrats directement plut\u00f4t que par l&rsquo;interm\u00e9diaire de membres de l&rsquo;\u00e9quipe moins exp\u00e9riment\u00e9s. Profitez de votre pr\u00e9sence pour comprendre la dynamique du march\u00e9 local et engagez-vous \u00e0 \u00e9tablir des relations directes et solides avec des clients de premier plan.&nbsp;<\/mark><\/strong><\/p>\n\n\n\n<div style=\"height:10px\" aria-hidden=\"true\" class=\"wp-block-spacer\"><\/div>\n\n\n\n<h2 class=\"wp-block-heading\"><strong>D\u00e9veloppez strat\u00e9giquement une culture d&rsquo;\u00e9quipe mondialement r\u00e9partie<\/strong><\/h2>\n\n\n\n<p>La gestion d&rsquo;une \u00e9quipe r\u00e9partie sur plusieurs fuseaux horaires et dans plusieurs bureaux pr\u00e9sente de nombreux d\u00e9fis. Il est essentiel de documenter m\u00e9ticuleusement et de diffuser largement les d\u00e9cisions cl\u00e9s, ce qui entra\u00eene une transformation des m\u00e9thodes de communication et de collaboration au sein de l&rsquo;\u00e9quipe. Pour les entreprises qui aspirent \u00e0 des mod\u00e8les d&rsquo;\u00e9quipes globales et distribu\u00e9es, il est essentiel d&rsquo;adopter cette approche d\u00e8s le d\u00e9but. L&rsquo;int\u00e9grer d\u00e8s le d\u00e9part dans l&rsquo;ADN de l&rsquo;entreprise ouvre la voie \u00e0 une future expansion mondiale transparente. Pour Neo4j, cela signifiait adopter Skype d\u00e8s ses d\u00e9buts, alors que les entreprises d&rsquo;aujourd&rsquo;hui disposent d&rsquo;un vaste ensemble d&rsquo;outils qu&rsquo;elles doivent prendre en compte avec les processus ad\u00e9quats au fur et \u00e0 mesure qu&rsquo;elles se d\u00e9veloppent.&nbsp;<\/p>\n\n\n\n<p><strong>Conseil pratique : <mark style=\"background-color:rgba(0, 0, 0, 0)\" class=\"has-inline-color has-primary-color\">Commencez par un plan d\u00e9lib\u00e9r\u00e9 pour d\u00e9velopper une culture d&rsquo;entreprise flexible et mondialement distribu\u00e9e. Investissez en priorit\u00e9 dans des outils et des m\u00e9thodologies qui am\u00e9liorent la communication asynchrone et facilitent une prise de d\u00e9cision efficace sur diff\u00e9rents fuseaux horaires.<\/mark><\/strong><\/p>\n\n\n\n<div style=\"height:10px\" aria-hidden=\"true\" class=\"wp-block-spacer\"><\/div>\n\n\n\n<h2 class=\"wp-block-heading\"><strong>Cultiver l&rsquo;unit\u00e9 d&rsquo;\u00e9quipe au-del\u00e0 des fronti\u00e8res fonctionnelles et g\u00e9ographiques<\/strong><\/h2>\n\n\n\n<p>Concevoir un mod\u00e8le d&rsquo;entreprise distribu\u00e9 d\u00e8s le d\u00e9part offre de nombreux avantages. Toutefois, il faut \u00eatre conscient du risque de voir \u00e9merger, au fil du temps, un \u00e9tat d&rsquo;esprit de type \u00ab\u00a0nous contre eux\u00a0\u00bb. Cette division peut se produire au sein de fonctions (par exemple entre l&rsquo;ing\u00e9nierie et le produit ou le produit et les ventes) ou de g\u00e9ographies (comme une mentalit\u00e9 europ\u00e9enne par rapport \u00e0 une mentalit\u00e9 am\u00e9ricaine). L&rsquo;alignement des divisions fonctionnelles sur les divisions g\u00e9ographiques peut involontairement accentuer cette s\u00e9paration. Il est essentiel de promouvoir la collaboration et la communication interr\u00e9gionales au sein de votre \u00e9quipe pour contrer ce ph\u00e9nom\u00e8ne.<\/p>\n\n\n\n<p><strong>Conseil pratique : <mark style=\"background-color:rgba(0, 0, 0, 0)\" class=\"has-inline-color has-primary-color\">Efforcez-vous d&#8217;emp\u00eacher la formation de silos fonctionnels le long des fronti\u00e8res g\u00e9ographiques. Concentrez-vous sur la promotion d&rsquo;une culture d&rsquo;\u00e9quipe coh\u00e9sive qui donne la priorit\u00e9 aux objectifs globaux de l&rsquo;entreprise, au-del\u00e0 des fronti\u00e8res g\u00e9ographiques. Cette approche garantit une \u00e9quipe plus unifi\u00e9e et plus efficace, quelle que soit la localisation de ses membres.<\/mark><\/strong><\/p>\n\n\n\n<div style=\"height:10px\" aria-hidden=\"true\" class=\"wp-block-spacer\"><\/div>\n\n\n\n<h2 class=\"wp-block-heading\"><strong>Briser la distance de pouvoir pour un dialogue ouvert sur le lieu de travail<\/strong><\/h2>\n\n\n\n<p>La distance de pouvoir per\u00e7ue peut varier consid\u00e9rablement d&rsquo;une r\u00e9gion \u00e0 l&rsquo;autre, c&rsquo;est-\u00e0-dire la perception qu&rsquo;ont les employ\u00e9s locaux de la relation entre les membres les plus haut plac\u00e9s et les plus bas plac\u00e9s dans une organisation. Emil compare la Su\u00e8de, o\u00f9 il existe une hi\u00e9rarchie minimale entre les PDG et les employ\u00e9s de premier \u00e9chelon, aux \u00c9tats-Unis, o\u00f9 une hi\u00e9rarchie plus prononc\u00e9e conduit souvent \u00e0 une culture du \u00ab\u00a0oui\u00a0\u00bb. Pour combler efficacement ce foss\u00e9, il faut favoriser une culture organisationnelle dans laquelle les employ\u00e9s, quelle que soit leur position dans la hi\u00e9rarchie, sont encourag\u00e9s \u00e0 poser des questions et \u00e0 remettre en cause les id\u00e9es. Cette approche peut transformer en motif de licenciement la r\u00e9ticence syst\u00e9matique \u00e0 s&rsquo;engager dans un d\u00e9bat constructif.&nbsp;<\/p>\n\n\n\n<p><strong>Conseil pratique : <mark style=\"background-color:rgba(0, 0, 0, 0)\" class=\"has-inline-color has-primary-color\">Pour promouvoir une culture de dialogue franc, de collaboration efficace et de communication ouverte, il faut aborder les diff\u00e9rences culturelles d\u00e8s le processus d&rsquo;int\u00e9gration. La mise en \u0153uvre de politiques soulignant ces valeurs est essentielle \u00e0 la r\u00e9ussite de l&rsquo;organisation.<\/mark><\/strong><\/p>\n\n\n\n<hr class=\"wp-block-separator has-text-color has-primary-color has-alpha-channel-opacity has-primary-background-color has-background is-style-dots\"\/>\n\n\n\n<p>Pour en savoir plus sur les strat\u00e9gies \u00e9voqu\u00e9es par Emil Eifrem, \u00e9coutez l&rsquo;<strong>\u00e9pisode complet<\/strong>. Nous vous remercions de nous avoir suivi tout au long de la mini-s\u00e9rie <em>The Door to America<\/em> \u2013 d&rsquo;autres d\u00e9couvertes vous attendent dans notre prochaine mini-s\u00e9rie, qui abordera de nouveaux sujets et offrira des perspectives uniques. <strong>Abonnez-vous <\/strong>\u00e0 notre podcast pour ne rien manquer !<\/p>\n\n\n\n<div class=\"wp-block-columns is-layout-flex wp-container-core-columns-is-layout-2 wp-block-columns-is-layout-flex\">\n<div class=\"wp-block-column is-layout-flow wp-block-column-is-layout-flow\">\n<figure class=\"wp-block-image size-full\"><a href=\"https:\/\/podcasts.apple.com\/us\/podcast\/making-dual-hqs-work-feat-emil-eifrem-ceo-of-neo4j\/id1715695523?i=1000639057666\" target=\"_blank\" rel=\"noreferrer noopener\"><img loading=\"lazy\" decoding=\"async\" width=\"250\" height=\"100\" src=\"https:\/\/www.inovia.vc\/wp-content\/uploads\/2023\/11\/Apple-Button-Branded-FR.png\" alt=\"\" class=\"wp-image-10434\"\/><\/a><\/figure>\n<\/div>\n\n\n\n<div class=\"wp-block-column is-layout-flow wp-block-column-is-layout-flow\">\n<figure class=\"wp-block-image size-full\"><a href=\"https:\/\/inoviacapital.podbean.com\/\" target=\"_blank\" rel=\"noreferrer noopener\"><img loading=\"lazy\" decoding=\"async\" width=\"250\" height=\"100\" src=\"https:\/\/www.inovia.vc\/wp-content\/uploads\/2023\/11\/Podbean-Button-Branded-FR.png\" alt=\"\" class=\"wp-image-10436\"\/><\/a><\/figure>\n<\/div>\n\n\n\n<div class=\"wp-block-column is-layout-flow wp-block-column-is-layout-flow\">\n<figure class=\"wp-block-image size-full\"><a href=\"https:\/\/open.spotify.com\/episode\/3ciAklKY2l9lVclewlzzVa\" target=\"_blank\" rel=\"noreferrer noopener\"><img loading=\"lazy\" decoding=\"async\" width=\"250\" height=\"100\" src=\"https:\/\/www.inovia.vc\/wp-content\/uploads\/2023\/11\/Spotify-Button-Branded-FR.png\" alt=\"\" class=\"wp-image-10438\"\/><\/a><\/figure>\n<\/div>\n\n\n\n<div class=\"wp-block-column is-layout-flow wp-block-column-is-layout-flow\">\n<figure class=\"wp-block-image size-full\"><a href=\"https:\/\/music.amazon.com\/podcasts\/526bf693-7f9e-47ba-b8c4-a47285a86a3b\/episodes\/4537b9cb-0b5e-4959-aab5-028cd5a3500f\/inovia-sessions-insights-for-tech-operators-making-dual-hqs-work-feat-emil-eifrem-ceo-of-neo4j\" target=\"_blank\" rel=\"noreferrer noopener\"><img loading=\"lazy\" decoding=\"async\" width=\"250\" height=\"100\" src=\"https:\/\/www.inovia.vc\/wp-content\/uploads\/2023\/11\/Amazon-Button-Branded.png\" alt=\"\" class=\"wp-image-10453\"\/><\/a><\/figure>\n<\/div>\n<\/div>\n","protected":false},"excerpt":{"rendered":"<p>Le domaine de l\u2019entrepreneuriat technologique est vaste, complexe et en constante \u00e9volution. Les S\u00e9ances Inovia proposent une immersion dans cet univers, pr\u00e9sentant des points de vue, des discussions et des t\u00e9moignages de leaders de l\u2019industrie. Nous sommes ravis de poursuivre la mini-s\u00e9rie The Door to America, ax\u00e9e sur les strat\u00e9gies et d\u00e9fis li\u00e9s \u00e0 l\u2019expansion&hellip;<\/p>\n","protected":false},"author":6,"featured_media":10900,"comment_status":"closed","ping_status":"open","sticky":false,"template":"","format":"standard","meta":{"_acf_changed":false,"_relevanssi_hide_post":"","_relevanssi_hide_content":"","_relevanssi_pin_for_all":"","_relevanssi_pin_keywords":"","_relevanssi_unpin_keywords":"","_relevanssi_related_keywords":"","_relevanssi_related_include_ids":"","_relevanssi_related_exclude_ids":"","_relevanssi_related_no_append":"","_relevanssi_related_not_related":"","_relevanssi_related_posts":"9429,3465,3484,10019,9186,3582","_relevanssi_noindex_reason":"","inline_featured_image":false,"footnotes":""},"categories":[503],"tags":[],"toolkit-category":[],"toolkit-topic":[],"class_list":["post-10896","post","type-post","status-publish","format-standard","has-post-thumbnail","hentry","category-podcast-inovia"],"acf":[],"_links":{"self":[{"href":"https:\/\/www.inovia.vc\/fr\/wp-json\/wp\/v2\/posts\/10896","targetHints":{"allow":["GET"]}}],"collection":[{"href":"https:\/\/www.inovia.vc\/fr\/wp-json\/wp\/v2\/posts"}],"about":[{"href":"https:\/\/www.inovia.vc\/fr\/wp-json\/wp\/v2\/types\/post"}],"author":[{"embeddable":true,"href":"https:\/\/www.inovia.vc\/fr\/wp-json\/wp\/v2\/users\/6"}],"replies":[{"embeddable":true,"href":"https:\/\/www.inovia.vc\/fr\/wp-json\/wp\/v2\/comments?post=10896"}],"version-history":[{"count":3,"href":"https:\/\/www.inovia.vc\/fr\/wp-json\/wp\/v2\/posts\/10896\/revisions"}],"predecessor-version":[{"id":12364,"href":"https:\/\/www.inovia.vc\/fr\/wp-json\/wp\/v2\/posts\/10896\/revisions\/12364"}],"wp:featuredmedia":[{"embeddable":true,"href":"https:\/\/www.inovia.vc\/fr\/wp-json\/wp\/v2\/media\/10900"}],"wp:attachment":[{"href":"https:\/\/www.inovia.vc\/fr\/wp-json\/wp\/v2\/media?parent=10896"}],"wp:term":[{"taxonomy":"category","embeddable":true,"href":"https:\/\/www.inovia.vc\/fr\/wp-json\/wp\/v2\/categories?post=10896"},{"taxonomy":"post_tag","embeddable":true,"href":"https:\/\/www.inovia.vc\/fr\/wp-json\/wp\/v2\/tags?post=10896"},{"taxonomy":"toolkit-category","embeddable":true,"href":"https:\/\/www.inovia.vc\/fr\/wp-json\/wp\/v2\/toolkit-category?post=10896"},{"taxonomy":"toolkit-topic","embeddable":true,"href":"https:\/\/www.inovia.vc\/fr\/wp-json\/wp\/v2\/toolkit-topic?post=10896"}],"curies":[{"name":"wp","href":"https:\/\/api.w.org\/{rel}","templated":true}]}}